{"id":1147,"date":"2018-01-24T10:10:44","date_gmt":"2018-01-24T10:10:44","guid":{"rendered":"http:\/\/www.safigoud.com\/?p=1147"},"modified":"2018-01-24T16:36:20","modified_gmt":"2018-01-24T16:36:20","slug":"%d8%a7%d9%84%d9%88%d9%83%d8%a7%d9%84%d8%a9-%d8%a7%d9%84%d9%85%d8%b3%d8%aa%d9%82%d9%84%d8%a9-%d9%84%d8%aa%d9%88%d8%b2%d9%8a%d8%b9-%d8%a7%d9%84%d9%85%d8%a7%d8%a1-%d9%88%d8%a7%d9%84%d9%83%d9%87%d8%b1","status":"publish","type":"post","link":"https:\/\/www.safigoud.com\/?p=1147","title":{"rendered":"\u0627\u0644\u0648\u0643\u0627\u0644\u0629 \u0627\u0644\u0645\u0633\u062a\u0642\u0644\u0629 \u0644\u062a\u0648\u0632\u064a\u0639 \u0627\u0644\u0645\u0627\u0621 \u0648\u0627\u0644\u0643\u0647\u0631\u0628\u0627\u0621 \u062a\u0639\u0644\u0646 \u0639\u0646 \u0627\u0646\u0642\u0637\u0627\u0639 \u0627\u0644\u0645\u0627\u0621 \u0628\u0639\u062f\u062f \u0645\u0646 \u0623\u062d\u064a\u0627\u0621 \u0622\u0633\u0641\u064a \u064a\u0648\u0645 \u0627\u0644\u062e\u0645\u064a\u0633 25 \u064a\u0646\u0627\u064a\u0631"},"content":{"rendered":"<p>&nbsp;<\/p>\n<p><strong>R\u00e9gie Autonome Intercommunale<\/strong><\/p>\n<p><strong>de Distribution d\u2019Eau et<\/strong><\/p>\n<p><strong>d\u2019Electricit\u00e9 de la Province de Safi<\/strong><\/p>\n<p><strong>( RADEES )<\/strong><\/p>\n<p><strong>Avis de coupure d\u2019eau potable<\/strong><\/p>\n<p><strong>Jeudi 25 Janvier 2018 \u00e0 Safi<\/strong><\/p>\n<p>En raison des travaux d\u2019installation des nouveaux \u00e9quipements d\u2019eau potable au niveau du complexe hydraulique Azib Derai, nous informons notre aimable client\u00e8le qu\u2019une coupure d\u2019eau potable aura lieu le <strong>Jeudi 25 Janvier 2018 de 09h00 \u00e0 19h00<\/strong> au niveau de la zone EST de la ville de SAFI ( quartiers et lotissements\u00a0: AZIB DERAI, BLED EL JED, Djrifat, El qods, Vall\u00e9 1 et 2, El hana 1 et 2, Kariat chems basse, Al morjane, Al yazid,\u00a0El Massira, Lamia, Hicham, Salma, Rouamcha, Route Dar Si Aissa et Derb My El Hassan\u2026).<\/p>\n<p>Apr\u00e8s ach\u00e8vement des travaux, la remise en service du r\u00e9seau d\u2019eau potable sera op\u00e9r\u00e9e sans pr\u00e9avis.<\/p>\n","protected":false},"excerpt":{"rendered":"<p>&nbsp; R\u00e9gie Autonome Intercommunale de Distribution d\u2019Eau et d\u2019Electricit\u00e9 de la Province de Safi ( RADEES ) Avis de coupure d\u2019eau potable Jeudi 25 Janvier 2018 \u00e0 Safi En raison des travaux d\u2019installation des nouveaux \u00e9quipements d\u2019eau potable au niveau du complexe hydraulique Azib Derai, nous informons notre aimable client\u00e8le qu\u2019une coupure d\u2019eau potable aura lieu le Jeudi 25 Janvier 2018 de 09h00 \u00e0 19h00 au niveau de la zone EST de la ville de SAFI ( quartiers et lotissements\u00a0: AZIB DERAI, BLED EL JED, Djrifat, El qods, Vall\u00e9 1 et 2, El hana 1 et 2, Kariat chems basse, Al morjane, Al yazid,\u00a0El Massira, Lamia, Hicham, Salma, Rouamcha, Route Dar Si Aissa et Derb My El Hassan\u2026). Apr\u00e8s ach\u00e8vement des travaux, la remise en service du r\u00e9seau d\u2019eau potable sera op\u00e9r\u00e9e sans pr\u00e9avis.<\/p>\n","protected":false},"author":2,"featured_media":1148,"comment_status":"open","ping_status":"open","sticky":false,"template":"","format":"standard","meta":[],"categories":[58],"tags":[],"_links":{"self":[{"href":"https:\/\/www.safigoud.com\/index.php?rest_route=\/wp\/v2\/posts\/1147"}],"collection":[{"href":"https:\/\/www.safigoud.com\/index.php?rest_route=\/wp\/v2\/posts"}],"about":[{"href":"https:\/\/www.safigoud.com\/index.php?rest_route=\/wp\/v2\/types\/post"}],"author":[{"embeddable":true,"href":"https:\/\/www.safigoud.com\/index.php?rest_route=\/wp\/v2\/users\/2"}],"replies":[{"embeddable":true,"href":"https:\/\/www.safigoud.com\/index.php?rest_route=%2Fwp%2Fv2%2Fcomments&post=1147"}],"version-history":[{"count":2,"href":"https:\/\/www.safigoud.com\/index.php?rest_route=\/wp\/v2\/posts\/1147\/revisions"}],"predecessor-version":[{"id":1150,"href":"https:\/\/www.safigoud.com\/index.php?rest_route=\/wp\/v2\/posts\/1147\/revisions\/1150"}],"wp:featuredmedia":[{"embeddable":true,"href":"https:\/\/www.safigoud.com\/index.php?rest_route=\/wp\/v2\/media\/1148"}],"wp:attachment":[{"href":"https:\/\/www.safigoud.com\/index.php?rest_route=%2Fwp%2Fv2%2Fmedia&parent=1147"}],"wp:term":[{"taxonomy":"category","embeddable":true,"href":"https:\/\/www.safigoud.com\/index.php?rest_route=%2Fwp%2Fv2%2Fcategories&post=1147"},{"taxonomy":"post_tag","embeddable":true,"href":"https:\/\/www.safigoud.com\/index.php?rest_route=%2Fwp%2Fv2%2Ftags&post=1147"}],"curies":[{"name":"wp","href":"https:\/\/api.w.org\/{rel}","templated":true}]}}